{"id":31511,"date":"2023-06-05T08:19:18","date_gmt":"2023-06-05T08:19:18","guid":{"rendered":"https:\/\/gastplatsgranna.se\/sommerveranstaltungen-in-graenna-diggiloo-26-juli\/"},"modified":"2023-06-09T07:02:13","modified_gmt":"2023-06-09T07:02:13","slug":"sommerveranstaltungen-in-graenna-diggiloo-26-juli","status":"publish","type":"post","link":"https:\/\/gastplatsgranna.se\/de\/sommerveranstaltungen-in-graenna-diggiloo-26-juli\/","title":{"rendered":"Spezifische Ereignis-Vorlage"},"content":{"rendered":"\n<h2 class=\"wp-block-heading\">Informationen<\/h2>\n\n<p class=\"has-medium-font-size\">Wir haben das Vergn\u00fcgen, dass unsere neuen Gastwirte in der Hafenkneipe an den Wochenendabenden Troubadoure und Unterhaltungsmusik anbieten werden. Gerade jetzt, am Samstag, den 6.10., feiert ein F\u00fcnfzigj\u00e4hriger seinen Geburtstag in der Hafenkneipe, und die ist auch abonniert. Bis 0200 Uhr wird es wahrscheinlich etwas lauter sein als sonst, aber man versucht, dies so gut wie m\u00f6glich zu bew\u00e4ltigen. Ich hoffe, dass Sie und Ihr Team dies \u00fcbersehen k\u00f6nnen. Standorte am Wasser sind am st\u00e4rksten gef\u00e4hrdet<\/p>\n\n<p class=\"has-medium-font-size\">Willkommen bei G\u00e4stplatsGr\u00e4nna!<\/p>\n\n<p class=\"has-medium-font-size\">Anders, Daniel und<br\/>unser IT-Support Henrik<\/p>\n","protected":false},"excerpt":{"rendered":"<p>Informationen Wir haben das Vergn\u00fcgen, dass unsere neuen Gastwirte in der Hafenkneipe an den Wochenendabenden Troubadoure und Unterhaltungsmusik anbieten werden. Gerade jetzt, am Samstag, den 6.10., feiert ein F\u00fcnfzigj\u00e4hriger seinen Geburtstag in der Hafenkneipe, und die ist auch abonniert. Bis 0200 Uhr wird es wahrscheinlich etwas lauter sein als sonst, aber man versucht, dies so [&hellip;]<\/p>\n","protected":false},"author":13,"featured_media":0,"comment_status":"closed","ping_status":"closed","sticky":false,"template":"","format":"standard","meta":{"_acf_changed":false,"_et_pb_use_builder":"off","_et_pb_old_content":"","_et_gb_content_width":"","wds_primary_category":0,"footnotes":""},"categories":[1],"tags":[],"class_list":["post-31511","post","type-post","status-publish","format-standard","hentry","category-okategoriserad"],"acf":[],"publishpress_future_action":{"enabled":false,"date":"2026-05-05 21:27:22","action":"change-status","newStatus":"draft","terms":[],"taxonomy":"category","extraData":[]},"publishpress_future_workflow_manual_trigger":{"enabledWorkflows":[]},"_links":{"self":[{"href":"https:\/\/gastplatsgranna.se\/de\/wp-json\/wp\/v2\/posts\/31511","targetHints":{"allow":["GET"]}}],"collection":[{"href":"https:\/\/gastplatsgranna.se\/de\/wp-json\/wp\/v2\/posts"}],"about":[{"href":"https:\/\/gastplatsgranna.se\/de\/wp-json\/wp\/v2\/types\/post"}],"author":[{"embeddable":true,"href":"https:\/\/gastplatsgranna.se\/de\/wp-json\/wp\/v2\/users\/13"}],"replies":[{"embeddable":true,"href":"https:\/\/gastplatsgranna.se\/de\/wp-json\/wp\/v2\/comments?post=31511"}],"version-history":[{"count":0,"href":"https:\/\/gastplatsgranna.se\/de\/wp-json\/wp\/v2\/posts\/31511\/revisions"}],"wp:attachment":[{"href":"https:\/\/gastplatsgranna.se\/de\/wp-json\/wp\/v2\/media?parent=31511"}],"wp:term":[{"taxonomy":"category","embeddable":true,"href":"https:\/\/gastplatsgranna.se\/de\/wp-json\/wp\/v2\/categories?post=31511"},{"taxonomy":"post_tag","embeddable":true,"href":"https:\/\/gastplatsgranna.se\/de\/wp-json\/wp\/v2\/tags?post=31511"}],"curies":[{"name":"wp","href":"https:\/\/api.w.org\/{rel}","templated":true}]}}